{"id":190,"date":"2012-09-04T13:54:31","date_gmt":"2012-09-04T13:54:31","guid":{"rendered":"https:\/\/conpleks.com\/innovation\/?p=190"},"modified":"2016-08-31T13:55:11","modified_gmt":"2016-08-31T13:55:11","slug":"conpleks-registreret-eu-varemaerke","status":"publish","type":"post","link":"https:\/\/conpleks.com\/innovation\/conpleks-registreret-eu-varemaerke\/","title":{"rendered":"Conpleks \u2013 et registreret EU-varem\u00e6rke"},"content":{"rendered":"<div class=\"entry_content clear\">\n<p><img loading=\"lazy\" decoding=\"async\" class=\"alignnone size-full wp-image-191 alignright\" src=\"https:\/\/conpleks.com\/innovation\/wp-content\/uploads\/sites\/3\/2016\/08\/Conpleks-Registered-Trademark-223x69.jpg\" alt=\"Conpleks-Registered-Trademark-223x69\" width=\"223\" height=\"69\" \/>Vi er stolte af at kunne fort\u00e6lle, at Conpleks nu officielt er et registreret EU-varem\u00e6rke.<\/p>\n<p>Varem\u00e6rket er desuden registreret i Norge og Schweiz.<\/p><\/div>\n","protected":false},"excerpt":{"rendered":"<p>Vi er stolte af at kunne fort\u00e6lle, at Conpleks nu officielt er et registreret EU-varem\u00e6rke. Varem\u00e6rket er desuden registreret i Norge og Schweiz.<\/p>\n","protected":false},"author":1,"featured_media":0,"comment_status":"open","ping_status":"open","sticky":false,"template":"","format":"standard","meta":{"footnotes":""},"categories":[1],"tags":[],"class_list":["post-190","post","type-post","status-publish","format-standard","hentry","category-nyheder"],"yoast_head":"<!-- This site is optimized with the Yoast SEO plugin v23.2 - https:\/\/yoast.com\/wordpress\/plugins\/seo\/ -->\n<title>Conpleks \u2013 et registreret EU-varem\u00e6rke - Innovation<\/title>\n<meta name=\"robots\" content=\"index, follow, max-snippet:-1, max-image-preview:large, max-video-preview:-1\" \/>\n<link rel=\"canonical\" href=\"https:\/\/conpleks.com\/innovation\/conpleks-registreret-eu-varemaerke\/\" \/>\n<meta property=\"og:locale\" content=\"da_DK\" \/>\n<meta property=\"og:type\" content=\"article\" \/>\n<meta property=\"og:title\" content=\"Conpleks \u2013 et registreret EU-varem\u00e6rke - Innovation\" \/>\n<meta property=\"og:description\" content=\"Vi er stolte af at kunne fort\u00e6lle, at Conpleks nu officielt er et registreret EU-varem\u00e6rke. Varem\u00e6rket er desuden registreret i Norge og Schweiz.\" \/>\n<meta property=\"og:url\" content=\"https:\/\/conpleks.com\/innovation\/conpleks-registreret-eu-varemaerke\/\" \/>\n<meta property=\"og:site_name\" content=\"Innovation\" \/>\n<meta property=\"article:published_time\" content=\"2012-09-04T13:54:31+00:00\" \/>\n<meta property=\"article:modified_time\" content=\"2016-08-31T13:55:11+00:00\" \/>\n<meta property=\"og:image\" content=\"https:\/\/conpleks.com\/innovation\/wp-content\/uploads\/sites\/3\/2016\/08\/Conpleks-Registered-Trademark-223x69.jpg\" \/>\n<meta name=\"author\" content=\"webcoders\" \/>\n<meta name=\"twitter:card\" content=\"summary_large_image\" \/>\n<meta name=\"twitter:label1\" content=\"Written by\" \/>\n\t<meta name=\"twitter:data1\" content=\"webcoders\" \/>\n<script type=\"application\/ld+json\" class=\"yoast-schema-graph\">{\"@context\":\"https:\/\/schema.org\",\"@graph\":[{\"@type\":\"WebPage\",\"@id\":\"https:\/\/conpleks.com\/innovation\/conpleks-registreret-eu-varemaerke\/\",\"url\":\"https:\/\/conpleks.com\/innovation\/conpleks-registreret-eu-varemaerke\/\",\"name\":\"Conpleks \u2013 et registreret EU-varem\u00e6rke - Innovation\",\"isPartOf\":{\"@id\":\"https:\/\/conpleks.com\/innovation\/?lang=en\/#website\"},\"primaryImageOfPage\":{\"@id\":\"https:\/\/conpleks.com\/innovation\/conpleks-registreret-eu-varemaerke\/#primaryimage\"},\"image\":{\"@id\":\"https:\/\/conpleks.com\/innovation\/conpleks-registreret-eu-varemaerke\/#primaryimage\"},\"thumbnailUrl\":\"https:\/\/conpleks.com\/innovation\/wp-content\/uploads\/sites\/3\/2016\/08\/Conpleks-Registered-Trademark-223x69.jpg\",\"datePublished\":\"2012-09-04T13:54:31+00:00\",\"dateModified\":\"2016-08-31T13:55:11+00:00\",\"author\":{\"@id\":\"https:\/\/conpleks.com\/innovation\/?lang=en\/#\/schema\/person\/a17b4dcd54da1c89809718647ec52def\"},\"breadcrumb\":{\"@id\":\"https:\/\/conpleks.com\/innovation\/conpleks-registreret-eu-varemaerke\/#breadcrumb\"},\"inLanguage\":\"da-DK\",\"potentialAction\":[{\"@type\":\"ReadAction\",\"target\":[\"https:\/\/conpleks.com\/innovation\/conpleks-registreret-eu-varemaerke\/\"]}]},{\"@type\":\"ImageObject\",\"inLanguage\":\"da-DK\",\"@id\":\"https:\/\/conpleks.com\/innovation\/conpleks-registreret-eu-varemaerke\/#primaryimage\",\"url\":\"https:\/\/conpleks.com\/innovation\/wp-content\/uploads\/sites\/3\/2016\/08\/Conpleks-Registered-Trademark-223x69.jpg\",\"contentUrl\":\"https:\/\/conpleks.com\/innovation\/wp-content\/uploads\/sites\/3\/2016\/08\/Conpleks-Registered-Trademark-223x69.jpg\"},{\"@type\":\"BreadcrumbList\",\"@id\":\"https:\/\/conpleks.com\/innovation\/conpleks-registreret-eu-varemaerke\/#breadcrumb\",\"itemListElement\":[{\"@type\":\"ListItem\",\"position\":1,\"name\":\"Home\",\"item\":\"https:\/\/conpleks.com\/innovation\/\"},{\"@type\":\"ListItem\",\"position\":2,\"name\":\"Conpleks \u2013 et registreret EU-varem\u00e6rke\"}]},{\"@type\":\"WebSite\",\"@id\":\"https:\/\/conpleks.com\/innovation\/?lang=en\/#website\",\"url\":\"https:\/\/conpleks.com\/innovation\/?lang=en\/\",\"name\":\"Innovation\",\"description\":\"Outdoor Mobile Robots\",\"potentialAction\":[{\"@type\":\"SearchAction\",\"target\":{\"@type\":\"EntryPoint\",\"urlTemplate\":\"https:\/\/conpleks.com\/innovation\/?lang=en\/?s={search_term_string}\"},\"query-input\":\"required name=search_term_string\"}],\"inLanguage\":\"da-DK\"},{\"@type\":\"Person\",\"@id\":\"https:\/\/conpleks.com\/innovation\/?lang=en\/#\/schema\/person\/a17b4dcd54da1c89809718647ec52def\",\"name\":\"webcoders\",\"image\":{\"@type\":\"ImageObject\",\"inLanguage\":\"da-DK\",\"@id\":\"https:\/\/conpleks.com\/innovation\/?lang=en\/#\/schema\/person\/image\/\",\"url\":\"https:\/\/secure.gravatar.com\/avatar\/fdd2e0743a890a66231c57a48e27e91a?s=96&d=mm&r=g\",\"contentUrl\":\"https:\/\/secure.gravatar.com\/avatar\/fdd2e0743a890a66231c57a48e27e91a?s=96&d=mm&r=g\",\"caption\":\"webcoders\"},\"url\":\"https:\/\/conpleks.com\/innovation\/author\/webcoders\/\"}]}<\/script>\n<!-- \/ Yoast SEO plugin. -->","yoast_head_json":{"title":"Conpleks \u2013 et registreret EU-varem\u00e6rke - Innovation","robots":{"index":"index","follow":"follow","max-snippet":"max-snippet:-1","max-image-preview":"max-image-preview:large","max-video-preview":"max-video-preview:-1"},"canonical":"https:\/\/conpleks.com\/innovation\/conpleks-registreret-eu-varemaerke\/","og_locale":"da_DK","og_type":"article","og_title":"Conpleks \u2013 et registreret EU-varem\u00e6rke - Innovation","og_description":"Vi er stolte af at kunne fort\u00e6lle, at Conpleks nu officielt er et registreret EU-varem\u00e6rke. Varem\u00e6rket er desuden registreret i Norge og Schweiz.","og_url":"https:\/\/conpleks.com\/innovation\/conpleks-registreret-eu-varemaerke\/","og_site_name":"Innovation","article_published_time":"2012-09-04T13:54:31+00:00","article_modified_time":"2016-08-31T13:55:11+00:00","og_image":[{"url":"https:\/\/conpleks.com\/innovation\/wp-content\/uploads\/sites\/3\/2016\/08\/Conpleks-Registered-Trademark-223x69.jpg"}],"author":"webcoders","twitter_card":"summary_large_image","twitter_misc":{"Written by":"webcoders"},"schema":{"@context":"https:\/\/schema.org","@graph":[{"@type":"WebPage","@id":"https:\/\/conpleks.com\/innovation\/conpleks-registreret-eu-varemaerke\/","url":"https:\/\/conpleks.com\/innovation\/conpleks-registreret-eu-varemaerke\/","name":"Conpleks \u2013 et registreret EU-varem\u00e6rke - Innovation","isPartOf":{"@id":"https:\/\/conpleks.com\/innovation\/?lang=en\/#website"},"primaryImageOfPage":{"@id":"https:\/\/conpleks.com\/innovation\/conpleks-registreret-eu-varemaerke\/#primaryimage"},"image":{"@id":"https:\/\/conpleks.com\/innovation\/conpleks-registreret-eu-varemaerke\/#primaryimage"},"thumbnailUrl":"https:\/\/conpleks.com\/innovation\/wp-content\/uploads\/sites\/3\/2016\/08\/Conpleks-Registered-Trademark-223x69.jpg","datePublished":"2012-09-04T13:54:31+00:00","dateModified":"2016-08-31T13:55:11+00:00","author":{"@id":"https:\/\/conpleks.com\/innovation\/?lang=en\/#\/schema\/person\/a17b4dcd54da1c89809718647ec52def"},"breadcrumb":{"@id":"https:\/\/conpleks.com\/innovation\/conpleks-registreret-eu-varemaerke\/#breadcrumb"},"inLanguage":"da-DK","potentialAction":[{"@type":"ReadAction","target":["https:\/\/conpleks.com\/innovation\/conpleks-registreret-eu-varemaerke\/"]}]},{"@type":"ImageObject","inLanguage":"da-DK","@id":"https:\/\/conpleks.com\/innovation\/conpleks-registreret-eu-varemaerke\/#primaryimage","url":"https:\/\/conpleks.com\/innovation\/wp-content\/uploads\/sites\/3\/2016\/08\/Conpleks-Registered-Trademark-223x69.jpg","contentUrl":"https:\/\/conpleks.com\/innovation\/wp-content\/uploads\/sites\/3\/2016\/08\/Conpleks-Registered-Trademark-223x69.jpg"},{"@type":"BreadcrumbList","@id":"https:\/\/conpleks.com\/innovation\/conpleks-registreret-eu-varemaerke\/#breadcrumb","itemListElement":[{"@type":"ListItem","position":1,"name":"Home","item":"https:\/\/conpleks.com\/innovation\/"},{"@type":"ListItem","position":2,"name":"Conpleks \u2013 et registreret EU-varem\u00e6rke"}]},{"@type":"WebSite","@id":"https:\/\/conpleks.com\/innovation\/?lang=en\/#website","url":"https:\/\/conpleks.com\/innovation\/?lang=en\/","name":"Innovation","description":"Outdoor Mobile Robots","potentialAction":[{"@type":"SearchAction","target":{"@type":"EntryPoint","urlTemplate":"https:\/\/conpleks.com\/innovation\/?lang=en\/?s={search_term_string}"},"query-input":"required name=search_term_string"}],"inLanguage":"da-DK"},{"@type":"Person","@id":"https:\/\/conpleks.com\/innovation\/?lang=en\/#\/schema\/person\/a17b4dcd54da1c89809718647ec52def","name":"webcoders","image":{"@type":"ImageObject","inLanguage":"da-DK","@id":"https:\/\/conpleks.com\/innovation\/?lang=en\/#\/schema\/person\/image\/","url":"https:\/\/secure.gravatar.com\/avatar\/fdd2e0743a890a66231c57a48e27e91a?s=96&d=mm&r=g","contentUrl":"https:\/\/secure.gravatar.com\/avatar\/fdd2e0743a890a66231c57a48e27e91a?s=96&d=mm&r=g","caption":"webcoders"},"url":"https:\/\/conpleks.com\/innovation\/author\/webcoders\/"}]}},"_links":{"self":[{"href":"https:\/\/conpleks.com\/innovation\/wp-json\/wp\/v2\/posts\/190"}],"collection":[{"href":"https:\/\/conpleks.com\/innovation\/wp-json\/wp\/v2\/posts"}],"about":[{"href":"https:\/\/conpleks.com\/innovation\/wp-json\/wp\/v2\/types\/post"}],"author":[{"embeddable":true,"href":"https:\/\/conpleks.com\/innovation\/wp-json\/wp\/v2\/users\/1"}],"replies":[{"embeddable":true,"href":"https:\/\/conpleks.com\/innovation\/wp-json\/wp\/v2\/comments?post=190"}],"version-history":[{"count":1,"href":"https:\/\/conpleks.com\/innovation\/wp-json\/wp\/v2\/posts\/190\/revisions"}],"predecessor-version":[{"id":193,"href":"https:\/\/conpleks.com\/innovation\/wp-json\/wp\/v2\/posts\/190\/revisions\/193"}],"wp:attachment":[{"href":"https:\/\/conpleks.com\/innovation\/wp-json\/wp\/v2\/media?parent=190"}],"wp:term":[{"taxonomy":"category","embeddable":true,"href":"https:\/\/conpleks.com\/innovation\/wp-json\/wp\/v2\/categories?post=190"},{"taxonomy":"post_tag","embeddable":true,"href":"https:\/\/conpleks.com\/innovation\/wp-json\/wp\/v2\/tags?post=190"}],"curies":[{"name":"wp","href":"https:\/\/api.w.org\/{rel}","templated":true}]}}