{"id":216,"date":"2011-10-05T11:19:02","date_gmt":"2011-10-05T11:19:02","guid":{"rendered":"https:\/\/conpleks.com\/innovation\/?p=216"},"modified":"2016-09-01T11:19:25","modified_gmt":"2016-09-01T11:19:25","slug":"rfid-konference-businesspark-struer","status":"publish","type":"post","link":"https:\/\/conpleks.com\/innovation\/rfid-konference-businesspark-struer\/","title":{"rendered":"RFID-konference i BusinessPark Struer"},"content":{"rendered":"<div class=\"entry_content clear\">\n<p><img loading=\"lazy\" decoding=\"async\" class=\"alignright size-full wp-image-217\" src=\"https:\/\/conpleks.com\/innovation\/wp-content\/uploads\/sites\/3\/2016\/09\/Nordic-RFID-Center.jpg\" alt=\"Nordic-RFID-Center\" width=\"158\" height=\"80\" \/>Nordic RFID Center inviterer til RFID konference i BusinessPark Struer\u00a012-13 oktober 2011.<\/p>\n<p>P\u00e5 konferencen kan du m\u00f8de n\u00f8glepersoner fra en lang r\u00e6kke internationale og danske virksomheder og h\u00f8re dereserfaring med RFID teknologien. Conpleks Innovation arbejder ogs\u00e5 med anvendelsen RFID teknologier og vi deltager naturligvis i konferencen.<\/p>\n<p>L\u00e6s mere om konferencen og om Nordic RFID Center p\u00e5:\u00a0<a href=\"http:\/\/www.nordicrfidcenter.dk\">www.nordicrfidcenter.dk<\/a><\/div>\n","protected":false},"excerpt":{"rendered":"<p>Nordic RFID Center inviterer til RFID konference i BusinessPark Struer\u00a012-13 oktober 2011. P\u00e5 konferencen kan du m\u00f8de n\u00f8glepersoner fra en lang r\u00e6kke internationale og danske virksomheder og h\u00f8re dereserfaring med RFID teknologien. Conpleks Innovation arbejder ogs\u00e5 med anvendelsen RFID teknologier og vi deltager naturligvis i konferencen. L\u00e6s mere om konferencen og om Nordic RFID Center [&hellip;]<\/p>\n","protected":false},"author":1,"featured_media":0,"comment_status":"open","ping_status":"open","sticky":false,"template":"","format":"standard","meta":{"footnotes":""},"categories":[1],"tags":[],"class_list":["post-216","post","type-post","status-publish","format-standard","hentry","category-nyheder"],"yoast_head":"<!-- This site is optimized with the Yoast SEO plugin v23.2 - https:\/\/yoast.com\/wordpress\/plugins\/seo\/ -->\n<title>RFID-konference i BusinessPark Struer - Innovation<\/title>\n<meta name=\"robots\" content=\"index, follow, max-snippet:-1, max-image-preview:large, max-video-preview:-1\" \/>\n<link rel=\"canonical\" href=\"https:\/\/conpleks.com\/innovation\/rfid-konference-businesspark-struer\/\" \/>\n<meta property=\"og:locale\" content=\"da_DK\" \/>\n<meta property=\"og:type\" content=\"article\" \/>\n<meta property=\"og:title\" content=\"RFID-konference i BusinessPark Struer - Innovation\" \/>\n<meta property=\"og:description\" content=\"Nordic RFID Center inviterer til RFID konference i BusinessPark Struer\u00a012-13 oktober 2011. P\u00e5 konferencen kan du m\u00f8de n\u00f8glepersoner fra en lang r\u00e6kke internationale og danske virksomheder og h\u00f8re dereserfaring med RFID teknologien. Conpleks Innovation arbejder ogs\u00e5 med anvendelsen RFID teknologier og vi deltager naturligvis i konferencen. L\u00e6s mere om konferencen og om Nordic RFID Center [&hellip;]\" \/>\n<meta property=\"og:url\" content=\"https:\/\/conpleks.com\/innovation\/rfid-konference-businesspark-struer\/\" \/>\n<meta property=\"og:site_name\" content=\"Innovation\" \/>\n<meta property=\"article:published_time\" content=\"2011-10-05T11:19:02+00:00\" \/>\n<meta property=\"article:modified_time\" content=\"2016-09-01T11:19:25+00:00\" \/>\n<meta property=\"og:image\" content=\"https:\/\/conpleks.com\/innovation\/wp-content\/uploads\/sites\/3\/2016\/09\/Nordic-RFID-Center.jpg\" \/>\n<meta name=\"author\" content=\"webcoders\" \/>\n<meta name=\"twitter:card\" content=\"summary_large_image\" \/>\n<meta name=\"twitter:label1\" content=\"Written by\" \/>\n\t<meta name=\"twitter:data1\" content=\"webcoders\" \/>\n<script type=\"application\/ld+json\" class=\"yoast-schema-graph\">{\"@context\":\"https:\/\/schema.org\",\"@graph\":[{\"@type\":\"WebPage\",\"@id\":\"https:\/\/conpleks.com\/innovation\/rfid-konference-businesspark-struer\/\",\"url\":\"https:\/\/conpleks.com\/innovation\/rfid-konference-businesspark-struer\/\",\"name\":\"RFID-konference i BusinessPark Struer - Innovation\",\"isPartOf\":{\"@id\":\"https:\/\/conpleks.com\/innovation\/?lang=en\/#website\"},\"primaryImageOfPage\":{\"@id\":\"https:\/\/conpleks.com\/innovation\/rfid-konference-businesspark-struer\/#primaryimage\"},\"image\":{\"@id\":\"https:\/\/conpleks.com\/innovation\/rfid-konference-businesspark-struer\/#primaryimage\"},\"thumbnailUrl\":\"https:\/\/conpleks.com\/innovation\/wp-content\/uploads\/sites\/3\/2016\/09\/Nordic-RFID-Center.jpg\",\"datePublished\":\"2011-10-05T11:19:02+00:00\",\"dateModified\":\"2016-09-01T11:19:25+00:00\",\"author\":{\"@id\":\"https:\/\/conpleks.com\/innovation\/?lang=en\/#\/schema\/person\/a17b4dcd54da1c89809718647ec52def\"},\"breadcrumb\":{\"@id\":\"https:\/\/conpleks.com\/innovation\/rfid-konference-businesspark-struer\/#breadcrumb\"},\"inLanguage\":\"da-DK\",\"potentialAction\":[{\"@type\":\"ReadAction\",\"target\":[\"https:\/\/conpleks.com\/innovation\/rfid-konference-businesspark-struer\/\"]}]},{\"@type\":\"ImageObject\",\"inLanguage\":\"da-DK\",\"@id\":\"https:\/\/conpleks.com\/innovation\/rfid-konference-businesspark-struer\/#primaryimage\",\"url\":\"https:\/\/conpleks.com\/innovation\/wp-content\/uploads\/sites\/3\/2016\/09\/Nordic-RFID-Center.jpg\",\"contentUrl\":\"https:\/\/conpleks.com\/innovation\/wp-content\/uploads\/sites\/3\/2016\/09\/Nordic-RFID-Center.jpg\",\"width\":158,\"height\":80},{\"@type\":\"BreadcrumbList\",\"@id\":\"https:\/\/conpleks.com\/innovation\/rfid-konference-businesspark-struer\/#breadcrumb\",\"itemListElement\":[{\"@type\":\"ListItem\",\"position\":1,\"name\":\"Home\",\"item\":\"https:\/\/conpleks.com\/innovation\/\"},{\"@type\":\"ListItem\",\"position\":2,\"name\":\"RFID-konference i BusinessPark Struer\"}]},{\"@type\":\"WebSite\",\"@id\":\"https:\/\/conpleks.com\/innovation\/?lang=en\/#website\",\"url\":\"https:\/\/conpleks.com\/innovation\/?lang=en\/\",\"name\":\"Innovation\",\"description\":\"Outdoor Mobile Robots\",\"potentialAction\":[{\"@type\":\"SearchAction\",\"target\":{\"@type\":\"EntryPoint\",\"urlTemplate\":\"https:\/\/conpleks.com\/innovation\/?lang=en\/?s={search_term_string}\"},\"query-input\":\"required name=search_term_string\"}],\"inLanguage\":\"da-DK\"},{\"@type\":\"Person\",\"@id\":\"https:\/\/conpleks.com\/innovation\/?lang=en\/#\/schema\/person\/a17b4dcd54da1c89809718647ec52def\",\"name\":\"webcoders\",\"image\":{\"@type\":\"ImageObject\",\"inLanguage\":\"da-DK\",\"@id\":\"https:\/\/conpleks.com\/innovation\/?lang=en\/#\/schema\/person\/image\/\",\"url\":\"https:\/\/secure.gravatar.com\/avatar\/fdd2e0743a890a66231c57a48e27e91a?s=96&d=mm&r=g\",\"contentUrl\":\"https:\/\/secure.gravatar.com\/avatar\/fdd2e0743a890a66231c57a48e27e91a?s=96&d=mm&r=g\",\"caption\":\"webcoders\"},\"url\":\"https:\/\/conpleks.com\/innovation\/author\/webcoders\/\"}]}<\/script>\n<!-- \/ Yoast SEO plugin. -->","yoast_head_json":{"title":"RFID-konference i BusinessPark Struer - Innovation","robots":{"index":"index","follow":"follow","max-snippet":"max-snippet:-1","max-image-preview":"max-image-preview:large","max-video-preview":"max-video-preview:-1"},"canonical":"https:\/\/conpleks.com\/innovation\/rfid-konference-businesspark-struer\/","og_locale":"da_DK","og_type":"article","og_title":"RFID-konference i BusinessPark Struer - Innovation","og_description":"Nordic RFID Center inviterer til RFID konference i BusinessPark Struer\u00a012-13 oktober 2011. P\u00e5 konferencen kan du m\u00f8de n\u00f8glepersoner fra en lang r\u00e6kke internationale og danske virksomheder og h\u00f8re dereserfaring med RFID teknologien. Conpleks Innovation arbejder ogs\u00e5 med anvendelsen RFID teknologier og vi deltager naturligvis i konferencen. L\u00e6s mere om konferencen og om Nordic RFID Center [&hellip;]","og_url":"https:\/\/conpleks.com\/innovation\/rfid-konference-businesspark-struer\/","og_site_name":"Innovation","article_published_time":"2011-10-05T11:19:02+00:00","article_modified_time":"2016-09-01T11:19:25+00:00","og_image":[{"url":"https:\/\/conpleks.com\/innovation\/wp-content\/uploads\/sites\/3\/2016\/09\/Nordic-RFID-Center.jpg"}],"author":"webcoders","twitter_card":"summary_large_image","twitter_misc":{"Written by":"webcoders"},"schema":{"@context":"https:\/\/schema.org","@graph":[{"@type":"WebPage","@id":"https:\/\/conpleks.com\/innovation\/rfid-konference-businesspark-struer\/","url":"https:\/\/conpleks.com\/innovation\/rfid-konference-businesspark-struer\/","name":"RFID-konference i BusinessPark Struer - Innovation","isPartOf":{"@id":"https:\/\/conpleks.com\/innovation\/?lang=en\/#website"},"primaryImageOfPage":{"@id":"https:\/\/conpleks.com\/innovation\/rfid-konference-businesspark-struer\/#primaryimage"},"image":{"@id":"https:\/\/conpleks.com\/innovation\/rfid-konference-businesspark-struer\/#primaryimage"},"thumbnailUrl":"https:\/\/conpleks.com\/innovation\/wp-content\/uploads\/sites\/3\/2016\/09\/Nordic-RFID-Center.jpg","datePublished":"2011-10-05T11:19:02+00:00","dateModified":"2016-09-01T11:19:25+00:00","author":{"@id":"https:\/\/conpleks.com\/innovation\/?lang=en\/#\/schema\/person\/a17b4dcd54da1c89809718647ec52def"},"breadcrumb":{"@id":"https:\/\/conpleks.com\/innovation\/rfid-konference-businesspark-struer\/#breadcrumb"},"inLanguage":"da-DK","potentialAction":[{"@type":"ReadAction","target":["https:\/\/conpleks.com\/innovation\/rfid-konference-businesspark-struer\/"]}]},{"@type":"ImageObject","inLanguage":"da-DK","@id":"https:\/\/conpleks.com\/innovation\/rfid-konference-businesspark-struer\/#primaryimage","url":"https:\/\/conpleks.com\/innovation\/wp-content\/uploads\/sites\/3\/2016\/09\/Nordic-RFID-Center.jpg","contentUrl":"https:\/\/conpleks.com\/innovation\/wp-content\/uploads\/sites\/3\/2016\/09\/Nordic-RFID-Center.jpg","width":158,"height":80},{"@type":"BreadcrumbList","@id":"https:\/\/conpleks.com\/innovation\/rfid-konference-businesspark-struer\/#breadcrumb","itemListElement":[{"@type":"ListItem","position":1,"name":"Home","item":"https:\/\/conpleks.com\/innovation\/"},{"@type":"ListItem","position":2,"name":"RFID-konference i BusinessPark Struer"}]},{"@type":"WebSite","@id":"https:\/\/conpleks.com\/innovation\/?lang=en\/#website","url":"https:\/\/conpleks.com\/innovation\/?lang=en\/","name":"Innovation","description":"Outdoor Mobile Robots","potentialAction":[{"@type":"SearchAction","target":{"@type":"EntryPoint","urlTemplate":"https:\/\/conpleks.com\/innovation\/?lang=en\/?s={search_term_string}"},"query-input":"required name=search_term_string"}],"inLanguage":"da-DK"},{"@type":"Person","@id":"https:\/\/conpleks.com\/innovation\/?lang=en\/#\/schema\/person\/a17b4dcd54da1c89809718647ec52def","name":"webcoders","image":{"@type":"ImageObject","inLanguage":"da-DK","@id":"https:\/\/conpleks.com\/innovation\/?lang=en\/#\/schema\/person\/image\/","url":"https:\/\/secure.gravatar.com\/avatar\/fdd2e0743a890a66231c57a48e27e91a?s=96&d=mm&r=g","contentUrl":"https:\/\/secure.gravatar.com\/avatar\/fdd2e0743a890a66231c57a48e27e91a?s=96&d=mm&r=g","caption":"webcoders"},"url":"https:\/\/conpleks.com\/innovation\/author\/webcoders\/"}]}},"_links":{"self":[{"href":"https:\/\/conpleks.com\/innovation\/wp-json\/wp\/v2\/posts\/216"}],"collection":[{"href":"https:\/\/conpleks.com\/innovation\/wp-json\/wp\/v2\/posts"}],"about":[{"href":"https:\/\/conpleks.com\/innovation\/wp-json\/wp\/v2\/types\/post"}],"author":[{"embeddable":true,"href":"https:\/\/conpleks.com\/innovation\/wp-json\/wp\/v2\/users\/1"}],"replies":[{"embeddable":true,"href":"https:\/\/conpleks.com\/innovation\/wp-json\/wp\/v2\/comments?post=216"}],"version-history":[{"count":1,"href":"https:\/\/conpleks.com\/innovation\/wp-json\/wp\/v2\/posts\/216\/revisions"}],"predecessor-version":[{"id":219,"href":"https:\/\/conpleks.com\/innovation\/wp-json\/wp\/v2\/posts\/216\/revisions\/219"}],"wp:attachment":[{"href":"https:\/\/conpleks.com\/innovation\/wp-json\/wp\/v2\/media?parent=216"}],"wp:term":[{"taxonomy":"category","embeddable":true,"href":"https:\/\/conpleks.com\/innovation\/wp-json\/wp\/v2\/categories?post=216"},{"taxonomy":"post_tag","embeddable":true,"href":"https:\/\/conpleks.com\/innovation\/wp-json\/wp\/v2\/tags?post=216"}],"curies":[{"name":"wp","href":"https:\/\/api.w.org\/{rel}","templated":true}]}}