{"id":934,"date":"2019-12-10T12:28:11","date_gmt":"2019-12-10T12:28:11","guid":{"rendered":"https:\/\/conpleks.com\/innovation\/?p=934"},"modified":"2019-12-10T12:30:13","modified_gmt":"2019-12-10T12:30:13","slug":"fra-erhvervsmentor-til-bestyrelsesformand","status":"publish","type":"post","link":"https:\/\/conpleks.com\/innovation\/fra-erhvervsmentor-til-bestyrelsesformand\/","title":{"rendered":"Fra erhvervsmentor til bestyrelsesformand"},"content":{"rendered":"<div class=\"entry_content clear\">\n<p><em>For Conpleks blev aftalen med Erhvervshus Midtjylland om en erhvervsmentorordning overordentligt god, idet erhvervsmentoren fortsatte i virksomhedens som bestyrelsesformand.<\/em><\/p>\n<p>Gennem \u00e5rene har Conpleks arbejdet sammen med Erhvervshus Midtjylland af flere omgange. S\u00e5 Tom Simonsen var klar over, at der formentlig var hj\u00e6lp at hente hos erhvervshuset, da han manglede sparring i forbindelse med strategiudvikling i virksomheden. Erhvervshus Midtjylland foreslog et et\u00e5rigt forl\u00f8b med en erhvervsmentor, som Conpleks takkede ja til. <!--more--><\/p>\n<p><a href=\"https:\/\/erhvervshusmidtjylland.dk\/conpleks\"><img loading=\"lazy\" decoding=\"async\" class=\"wp-image-935 aligncenter\" src=\"https:\/\/conpleks.com\/innovation\/wp-content\/uploads\/sites\/3\/2019\/12\/Erhvervshus-Midtjyllands-artikel-om-Conpleks.jpg\" alt=\"Samarbejde mellem Erhvervshus Midtjylland og Conpleks f\u00f8rer til en erhvervsmentor, der siden bliver bestyrelsesformand\" width=\"407\" height=\"454\" srcset=\"https:\/\/conpleks.com\/innovation\/wp-content\/uploads\/sites\/3\/2019\/12\/Erhvervshus-Midtjyllands-artikel-om-Conpleks.jpg 552w, https:\/\/conpleks.com\/innovation\/wp-content\/uploads\/sites\/3\/2019\/12\/Erhvervshus-Midtjyllands-artikel-om-Conpleks-269x300.jpg 269w\" sizes=\"(max-width: 407px) 100vw, 407px\" \/><\/a><\/p>\n<p style=\"text-align: center;\"><a href=\"https:\/\/erhvervshusmidtjylland.dk\/conpleks\" target=\"_blank\" rel=\"noopener noreferrer\">\u201dConpleks fik mentor og mere fokus\u201d<\/a> er en artikel fra Erhvervshus Midtjylland<\/p>\n<p>&#8211; Da vi indgik aftalen om et et\u00e5rigt forl\u00f8b med en erhvervsmentor fra Erhvervshus Midtjylland, havde vi ingen id\u00e9 om, at det ville ende ud i en permanent ordning, idet vores mentor, Allan Skovgaard, fortsatte i rollen som bestyrelsesformand. S\u00e5 vi har f\u00e5et langt mere ud af aftalen, end vi havde forventet, fort\u00e6ller Tom Simonsen, Administrerende direkt\u00f8r for Conpleks, og forts\u00e6tter,<\/p>\n<p>&#8211; N\u00e5r vi \u00e5bner virksomheden op for kompetente folk, der kommer ind udefra med friske \u00f8jne, bliver vi n\u00f8dt til at holde fokus p\u00e5 strategien og arbejde p\u00e5 de aftaler, vi laver. P\u00e5 den m\u00e5de bliver vi mere m\u00e5lrettede, og strategiarbejdet bliver prioriteret.<\/p>\n<p>Erhvervshus Midtjylland tilbyder uvildig og gratis sparring til virksomheder, der enten er i opstarts- eller udviklingsfasen. Herunder hj\u00e6lp til at skabe overblik over de forskellige muligheder og til at f\u00e5 lagt en plan for fremtiden, der kan indeholde alt fra at s\u00f8ge finansiering, over at udvide til nye markeder og til at \u00f8ge markedsf\u00f8ringsindsatsen.<\/p><\/div>\n","protected":false},"excerpt":{"rendered":"<p>For Conpleks blev aftalen med Erhvervshus Midtjylland om en erhvervsmentorordning overordentligt god, idet erhvervsmentoren fortsatte i virksomhedens som bestyrelsesformand. Gennem \u00e5rene har Conpleks arbejdet sammen med Erhvervshus Midtjylland af flere omgange. S\u00e5 Tom Simonsen var klar over, at der formentlig var hj\u00e6lp at hente hos erhvervshuset, da han manglede sparring i forbindelse med strategiudvikling i [&hellip;]<\/p>\n","protected":false},"author":4,"featured_media":0,"comment_status":"open","ping_status":"open","sticky":false,"template":"","format":"standard","meta":{"footnotes":""},"categories":[1],"tags":[29,30,27,28,31],"class_list":["post-934","post","type-post","status-publish","format-standard","hentry","category-nyheder","tag-bestyrelsesformand","tag-conpleks","tag-erhvervshus-midtjylland","tag-erhvervsmentor","tag-samarbejde"],"yoast_head":"<!-- This site is optimized with the Yoast SEO plugin v23.2 - https:\/\/yoast.com\/wordpress\/plugins\/seo\/ -->\n<title>Fra erhvervsmentor til bestyrelsesformand - Innovation<\/title>\n<meta name=\"description\" content=\"Mange\u00e5rigt samarbejde mellem Erhvervshus Midtjylland og Conpleks f\u00f8rte til aftale om en erhvervsmentor, som siden blev bestyrelsesformand\" \/>\n<meta name=\"robots\" content=\"index, follow, max-snippet:-1, max-image-preview:large, max-video-preview:-1\" \/>\n<link rel=\"canonical\" href=\"https:\/\/conpleks.com\/innovation\/fra-erhvervsmentor-til-bestyrelsesformand\/\" \/>\n<meta property=\"og:locale\" content=\"da_DK\" \/>\n<meta property=\"og:type\" content=\"article\" \/>\n<meta property=\"og:title\" content=\"Fra erhvervsmentor til bestyrelsesformand - Innovation\" \/>\n<meta property=\"og:description\" content=\"Mange\u00e5rigt samarbejde mellem Erhvervshus Midtjylland og Conpleks f\u00f8rte til aftale om en erhvervsmentor, som siden blev bestyrelsesformand\" \/>\n<meta property=\"og:url\" content=\"https:\/\/conpleks.com\/innovation\/fra-erhvervsmentor-til-bestyrelsesformand\/\" \/>\n<meta property=\"og:site_name\" content=\"Innovation\" \/>\n<meta property=\"article:published_time\" content=\"2019-12-10T12:28:11+00:00\" \/>\n<meta property=\"article:modified_time\" content=\"2019-12-10T12:30:13+00:00\" \/>\n<meta property=\"og:image\" content=\"https:\/\/conpleks.com\/innovation\/wp-content\/uploads\/sites\/3\/2019\/12\/Erhvervshus-Midtjyllands-artikel-om-Conpleks.jpg\" \/>\n<meta name=\"author\" content=\"simonsen1\" \/>\n<meta name=\"twitter:card\" content=\"summary_large_image\" \/>\n<meta name=\"twitter:label1\" content=\"Written by\" \/>\n\t<meta name=\"twitter:data1\" content=\"simonsen1\" \/>\n\t<meta name=\"twitter:label2\" content=\"Est. reading time\" \/>\n\t<meta name=\"twitter:data2\" content=\"1 minut\" \/>\n<script type=\"application\/ld+json\" class=\"yoast-schema-graph\">{\"@context\":\"https:\/\/schema.org\",\"@graph\":[{\"@type\":\"WebPage\",\"@id\":\"https:\/\/conpleks.com\/innovation\/fra-erhvervsmentor-til-bestyrelsesformand\/\",\"url\":\"https:\/\/conpleks.com\/innovation\/fra-erhvervsmentor-til-bestyrelsesformand\/\",\"name\":\"Fra erhvervsmentor til bestyrelsesformand - Innovation\",\"isPartOf\":{\"@id\":\"https:\/\/conpleks.com\/innovation\/?lang=en\/#website\"},\"primaryImageOfPage\":{\"@id\":\"https:\/\/conpleks.com\/innovation\/fra-erhvervsmentor-til-bestyrelsesformand\/#primaryimage\"},\"image\":{\"@id\":\"https:\/\/conpleks.com\/innovation\/fra-erhvervsmentor-til-bestyrelsesformand\/#primaryimage\"},\"thumbnailUrl\":\"https:\/\/conpleks.com\/innovation\/wp-content\/uploads\/sites\/3\/2019\/12\/Erhvervshus-Midtjyllands-artikel-om-Conpleks.jpg\",\"datePublished\":\"2019-12-10T12:28:11+00:00\",\"dateModified\":\"2019-12-10T12:30:13+00:00\",\"author\":{\"@id\":\"https:\/\/conpleks.com\/innovation\/?lang=en\/#\/schema\/person\/4e03593f018b04524c21b9666673128e\"},\"description\":\"Mange\u00e5rigt samarbejde mellem Erhvervshus Midtjylland og Conpleks f\u00f8rte til aftale om en erhvervsmentor, som siden blev bestyrelsesformand\",\"breadcrumb\":{\"@id\":\"https:\/\/conpleks.com\/innovation\/fra-erhvervsmentor-til-bestyrelsesformand\/#breadcrumb\"},\"inLanguage\":\"da-DK\",\"potentialAction\":[{\"@type\":\"ReadAction\",\"target\":[\"https:\/\/conpleks.com\/innovation\/fra-erhvervsmentor-til-bestyrelsesformand\/\"]}]},{\"@type\":\"ImageObject\",\"inLanguage\":\"da-DK\",\"@id\":\"https:\/\/conpleks.com\/innovation\/fra-erhvervsmentor-til-bestyrelsesformand\/#primaryimage\",\"url\":\"https:\/\/conpleks.com\/innovation\/wp-content\/uploads\/sites\/3\/2019\/12\/Erhvervshus-Midtjyllands-artikel-om-Conpleks.jpg\",\"contentUrl\":\"https:\/\/conpleks.com\/innovation\/wp-content\/uploads\/sites\/3\/2019\/12\/Erhvervshus-Midtjyllands-artikel-om-Conpleks.jpg\",\"width\":552,\"height\":616,\"caption\":\"Samarbejde mellem Erhvervshus Midtjylland og Conpleks f\u00f8rer til en erhvervsmentor, der siden bliver bestyrelsesformand\"},{\"@type\":\"BreadcrumbList\",\"@id\":\"https:\/\/conpleks.com\/innovation\/fra-erhvervsmentor-til-bestyrelsesformand\/#breadcrumb\",\"itemListElement\":[{\"@type\":\"ListItem\",\"position\":1,\"name\":\"Home\",\"item\":\"https:\/\/conpleks.com\/innovation\/\"},{\"@type\":\"ListItem\",\"position\":2,\"name\":\"Fra erhvervsmentor til bestyrelsesformand\"}]},{\"@type\":\"WebSite\",\"@id\":\"https:\/\/conpleks.com\/innovation\/?lang=en\/#website\",\"url\":\"https:\/\/conpleks.com\/innovation\/?lang=en\/\",\"name\":\"Innovation\",\"description\":\"Outdoor Mobile Robots\",\"potentialAction\":[{\"@type\":\"SearchAction\",\"target\":{\"@type\":\"EntryPoint\",\"urlTemplate\":\"https:\/\/conpleks.com\/innovation\/?lang=en\/?s={search_term_string}\"},\"query-input\":\"required name=search_term_string\"}],\"inLanguage\":\"da-DK\"},{\"@type\":\"Person\",\"@id\":\"https:\/\/conpleks.com\/innovation\/?lang=en\/#\/schema\/person\/4e03593f018b04524c21b9666673128e\",\"name\":\"simonsen1\",\"image\":{\"@type\":\"ImageObject\",\"inLanguage\":\"da-DK\",\"@id\":\"https:\/\/conpleks.com\/innovation\/?lang=en\/#\/schema\/person\/image\/\",\"url\":\"https:\/\/secure.gravatar.com\/avatar\/1901df0014fb80eb963c15ef4541b092?s=96&d=mm&r=g\",\"contentUrl\":\"https:\/\/secure.gravatar.com\/avatar\/1901df0014fb80eb963c15ef4541b092?s=96&d=mm&r=g\",\"caption\":\"simonsen1\"},\"url\":\"https:\/\/conpleks.com\/innovation\/author\/simonsen1\/\"}]}<\/script>\n<!-- \/ Yoast SEO plugin. -->","yoast_head_json":{"title":"Fra erhvervsmentor til bestyrelsesformand - Innovation","description":"Mange\u00e5rigt samarbejde mellem Erhvervshus Midtjylland og Conpleks f\u00f8rte til aftale om en erhvervsmentor, som siden blev bestyrelsesformand","robots":{"index":"index","follow":"follow","max-snippet":"max-snippet:-1","max-image-preview":"max-image-preview:large","max-video-preview":"max-video-preview:-1"},"canonical":"https:\/\/conpleks.com\/innovation\/fra-erhvervsmentor-til-bestyrelsesformand\/","og_locale":"da_DK","og_type":"article","og_title":"Fra erhvervsmentor til bestyrelsesformand - Innovation","og_description":"Mange\u00e5rigt samarbejde mellem Erhvervshus Midtjylland og Conpleks f\u00f8rte til aftale om en erhvervsmentor, som siden blev bestyrelsesformand","og_url":"https:\/\/conpleks.com\/innovation\/fra-erhvervsmentor-til-bestyrelsesformand\/","og_site_name":"Innovation","article_published_time":"2019-12-10T12:28:11+00:00","article_modified_time":"2019-12-10T12:30:13+00:00","og_image":[{"url":"https:\/\/conpleks.com\/innovation\/wp-content\/uploads\/sites\/3\/2019\/12\/Erhvervshus-Midtjyllands-artikel-om-Conpleks.jpg"}],"author":"simonsen1","twitter_card":"summary_large_image","twitter_misc":{"Written by":"simonsen1","Est. reading time":"1 minut"},"schema":{"@context":"https:\/\/schema.org","@graph":[{"@type":"WebPage","@id":"https:\/\/conpleks.com\/innovation\/fra-erhvervsmentor-til-bestyrelsesformand\/","url":"https:\/\/conpleks.com\/innovation\/fra-erhvervsmentor-til-bestyrelsesformand\/","name":"Fra erhvervsmentor til bestyrelsesformand - Innovation","isPartOf":{"@id":"https:\/\/conpleks.com\/innovation\/?lang=en\/#website"},"primaryImageOfPage":{"@id":"https:\/\/conpleks.com\/innovation\/fra-erhvervsmentor-til-bestyrelsesformand\/#primaryimage"},"image":{"@id":"https:\/\/conpleks.com\/innovation\/fra-erhvervsmentor-til-bestyrelsesformand\/#primaryimage"},"thumbnailUrl":"https:\/\/conpleks.com\/innovation\/wp-content\/uploads\/sites\/3\/2019\/12\/Erhvervshus-Midtjyllands-artikel-om-Conpleks.jpg","datePublished":"2019-12-10T12:28:11+00:00","dateModified":"2019-12-10T12:30:13+00:00","author":{"@id":"https:\/\/conpleks.com\/innovation\/?lang=en\/#\/schema\/person\/4e03593f018b04524c21b9666673128e"},"description":"Mange\u00e5rigt samarbejde mellem Erhvervshus Midtjylland og Conpleks f\u00f8rte til aftale om en erhvervsmentor, som siden blev bestyrelsesformand","breadcrumb":{"@id":"https:\/\/conpleks.com\/innovation\/fra-erhvervsmentor-til-bestyrelsesformand\/#breadcrumb"},"inLanguage":"da-DK","potentialAction":[{"@type":"ReadAction","target":["https:\/\/conpleks.com\/innovation\/fra-erhvervsmentor-til-bestyrelsesformand\/"]}]},{"@type":"ImageObject","inLanguage":"da-DK","@id":"https:\/\/conpleks.com\/innovation\/fra-erhvervsmentor-til-bestyrelsesformand\/#primaryimage","url":"https:\/\/conpleks.com\/innovation\/wp-content\/uploads\/sites\/3\/2019\/12\/Erhvervshus-Midtjyllands-artikel-om-Conpleks.jpg","contentUrl":"https:\/\/conpleks.com\/innovation\/wp-content\/uploads\/sites\/3\/2019\/12\/Erhvervshus-Midtjyllands-artikel-om-Conpleks.jpg","width":552,"height":616,"caption":"Samarbejde mellem Erhvervshus Midtjylland og Conpleks f\u00f8rer til en erhvervsmentor, der siden bliver bestyrelsesformand"},{"@type":"BreadcrumbList","@id":"https:\/\/conpleks.com\/innovation\/fra-erhvervsmentor-til-bestyrelsesformand\/#breadcrumb","itemListElement":[{"@type":"ListItem","position":1,"name":"Home","item":"https:\/\/conpleks.com\/innovation\/"},{"@type":"ListItem","position":2,"name":"Fra erhvervsmentor til bestyrelsesformand"}]},{"@type":"WebSite","@id":"https:\/\/conpleks.com\/innovation\/?lang=en\/#website","url":"https:\/\/conpleks.com\/innovation\/?lang=en\/","name":"Innovation","description":"Outdoor Mobile Robots","potentialAction":[{"@type":"SearchAction","target":{"@type":"EntryPoint","urlTemplate":"https:\/\/conpleks.com\/innovation\/?lang=en\/?s={search_term_string}"},"query-input":"required name=search_term_string"}],"inLanguage":"da-DK"},{"@type":"Person","@id":"https:\/\/conpleks.com\/innovation\/?lang=en\/#\/schema\/person\/4e03593f018b04524c21b9666673128e","name":"simonsen1","image":{"@type":"ImageObject","inLanguage":"da-DK","@id":"https:\/\/conpleks.com\/innovation\/?lang=en\/#\/schema\/person\/image\/","url":"https:\/\/secure.gravatar.com\/avatar\/1901df0014fb80eb963c15ef4541b092?s=96&d=mm&r=g","contentUrl":"https:\/\/secure.gravatar.com\/avatar\/1901df0014fb80eb963c15ef4541b092?s=96&d=mm&r=g","caption":"simonsen1"},"url":"https:\/\/conpleks.com\/innovation\/author\/simonsen1\/"}]}},"_links":{"self":[{"href":"https:\/\/conpleks.com\/innovation\/wp-json\/wp\/v2\/posts\/934"}],"collection":[{"href":"https:\/\/conpleks.com\/innovation\/wp-json\/wp\/v2\/posts"}],"about":[{"href":"https:\/\/conpleks.com\/innovation\/wp-json\/wp\/v2\/types\/post"}],"author":[{"embeddable":true,"href":"https:\/\/conpleks.com\/innovation\/wp-json\/wp\/v2\/users\/4"}],"replies":[{"embeddable":true,"href":"https:\/\/conpleks.com\/innovation\/wp-json\/wp\/v2\/comments?post=934"}],"version-history":[{"count":1,"href":"https:\/\/conpleks.com\/innovation\/wp-json\/wp\/v2\/posts\/934\/revisions"}],"predecessor-version":[{"id":937,"href":"https:\/\/conpleks.com\/innovation\/wp-json\/wp\/v2\/posts\/934\/revisions\/937"}],"wp:attachment":[{"href":"https:\/\/conpleks.com\/innovation\/wp-json\/wp\/v2\/media?parent=934"}],"wp:term":[{"taxonomy":"category","embeddable":true,"href":"https:\/\/conpleks.com\/innovation\/wp-json\/wp\/v2\/categories?post=934"},{"taxonomy":"post_tag","embeddable":true,"href":"https:\/\/conpleks.com\/innovation\/wp-json\/wp\/v2\/tags?post=934"}],"curies":[{"name":"wp","href":"https:\/\/api.w.org\/{rel}","templated":true}]}}